{"id":7604,"date":"2025-12-05T18:00:12","date_gmt":"2025-12-05T17:00:12","guid":{"rendered":"https:\/\/www.schule-am-lousberg.de\/wordpress_3\/?p=7604"},"modified":"2026-02-27T10:34:21","modified_gmt":"2026-02-27T09:34:21","slug":"7604","status":"publish","type":"post","link":"https:\/\/www.schule-am-lousberg.de\/wordpress_3\/2025\/12\/7604\/","title":{"rendered":"Der Nikolaus war hier\u2026"},"content":{"rendered":"<p><img loading=\"lazy\" decoding=\"async\" class=\"size-medium wp-image-7601 alignleft\" src=\"https:\/\/www.schule-am-lousberg.de\/wordpress_3\/wp-content\/uploads\/2025\/12\/IMG_2568-300x225.jpeg\" alt=\"\" width=\"300\" height=\"225\" srcset=\"https:\/\/www.schule-am-lousberg.de\/wordpress_3\/wp-content\/uploads\/2025\/12\/IMG_2568-300x225.jpeg 300w, https:\/\/www.schule-am-lousberg.de\/wordpress_3\/wp-content\/uploads\/2025\/12\/IMG_2568-1024x768.jpeg 1024w, https:\/\/www.schule-am-lousberg.de\/wordpress_3\/wp-content\/uploads\/2025\/12\/IMG_2568-768x576.jpeg 768w, https:\/\/www.schule-am-lousberg.de\/wordpress_3\/wp-content\/uploads\/2025\/12\/IMG_2568-1536x1152.jpeg 1536w, https:\/\/www.schule-am-lousberg.de\/wordpress_3\/wp-content\/uploads\/2025\/12\/IMG_2568-2048x1536.jpeg 2048w\" sizes=\"auto, (max-width: 300px) 100vw, 300px\" \/><br \/>\nAn diesem verwunschenen Freitagmorgen lag eine heimelige Stimmung in der Luft. Auch der Fr\u00fchsport auf dem Schulhof fand diesmal ganz leise statt.<\/p>\n<p><img loading=\"lazy\" decoding=\"async\" class=\"size-medium wp-image-7610 alignleft\" src=\"https:\/\/www.schule-am-lousberg.de\/wordpress_3\/wp-content\/uploads\/2025\/12\/Der-Baum-steht-e1764955529757-217x300.jpeg\" alt=\"\" width=\"217\" height=\"300\" srcset=\"https:\/\/www.schule-am-lousberg.de\/wordpress_3\/wp-content\/uploads\/2025\/12\/Der-Baum-steht-e1764955529757-217x300.jpeg 217w, https:\/\/www.schule-am-lousberg.de\/wordpress_3\/wp-content\/uploads\/2025\/12\/Der-Baum-steht-e1764955529757-740x1024.jpeg 740w, https:\/\/www.schule-am-lousberg.de\/wordpress_3\/wp-content\/uploads\/2025\/12\/Der-Baum-steht-e1764955529757-768x1063.jpeg 768w, https:\/\/www.schule-am-lousberg.de\/wordpress_3\/wp-content\/uploads\/2025\/12\/Der-Baum-steht-e1764955529757.jpeg 944w\" sizes=\"auto, (max-width: 217px) 100vw, 217px\" \/><\/p>\n<p>Dann <span style=\"font-size: 1rem;\">wurde der Weihnachtsbaum aufgestellt. Nun wird er noch geschm\u00fcckt\u2026<\/span><\/p>\n<p><span style=\"font-size: 1rem;\">Da h\u00f6rte man jemanden durch die G\u00e4nge tapsen und kurz darauf ein lautes Klopfen an den Klassent\u00fcren.<\/span><!--more--><\/p>\n<p><b><img loading=\"lazy\" decoding=\"async\" class=\"size-medium wp-image-7602 alignleft\" src=\"https:\/\/www.schule-am-lousberg.de\/wordpress_3\/wp-content\/uploads\/2025\/12\/DSC01951-2-scaled-e1764953636800-136x300.jpg\" alt=\"\" width=\"136\" height=\"300\" srcset=\"https:\/\/www.schule-am-lousberg.de\/wordpress_3\/wp-content\/uploads\/2025\/12\/DSC01951-2-scaled-e1764953636800-136x300.jpg 136w, https:\/\/www.schule-am-lousberg.de\/wordpress_3\/wp-content\/uploads\/2025\/12\/DSC01951-2-scaled-e1764953636800-465x1024.jpg 465w, https:\/\/www.schule-am-lousberg.de\/wordpress_3\/wp-content\/uploads\/2025\/12\/DSC01951-2-scaled-e1764953636800-768x1692.jpg 768w, https:\/\/www.schule-am-lousberg.de\/wordpress_3\/wp-content\/uploads\/2025\/12\/DSC01951-2-scaled-e1764953636800-697x1536.jpg 697w, https:\/\/www.schule-am-lousberg.de\/wordpress_3\/wp-content\/uploads\/2025\/12\/DSC01951-2-scaled-e1764953636800-930x2048.jpg 930w, https:\/\/www.schule-am-lousberg.de\/wordpress_3\/wp-content\/uploads\/2025\/12\/DSC01951-2-scaled-e1764953636800.jpg 1135w\" sizes=\"auto, (max-width: 136px) 100vw, 136px\" \/><\/b><\/p>\n<p><b style=\"font-size: 1rem;\">Der Nikolaus<\/b><span style=\"font-size: 1rem;\"> hatte wohl unser Singen vernommen und kam zur T\u00fcr herein spaziert.<\/span><\/p>\n<p>Aus einem gro\u00dfen Sack verteilte er Geschenke an die Klassen.<\/p>\n<p><img loading=\"lazy\" decoding=\"async\" class=\"size-medium wp-image-7606 alignright\" src=\"https:\/\/www.schule-am-lousberg.de\/wordpress_3\/wp-content\/uploads\/2025\/12\/Von-drauss-vom-Walde\u2026-300x284.jpeg\" alt=\"\" width=\"300\" height=\"284\" \/><span style=\"font-size: 1rem;\">Zahlreiche Kinderaugen bestaunten den gro\u00dfen Mann in Bischofstracht, manche sangen ein Lied f\u00fcr ihn, von anderen bekam er frisch gebackene Pl\u00e4tzchen geschenkt.<\/span><\/p>\n<p><span style=\"font-size: 1rem;\">Wir hoffen es hat ihm so gut bei uns gefallen, dass er n\u00e4chstes Jahr wiederkommt.<\/span><\/p>\n<p style=\"text-align: center;\"><span style=\"color: #800000;\"><b>Wir sagen Dankesch\u00f6n, lieber guter Nikolaus.<\/b><\/span><\/p>\n<p style=\"text-align: center;\">Du bist wohl tats\u00e4chlich der Freund aller Kinder.<\/p>\n<div style=\"width: 640px;\" class=\"wp-video\"><video class=\"wp-video-shortcode\" id=\"video-7604-1\" width=\"640\" height=\"362\" autoplay preload=\"auto\" controls=\"controls\"><source type=\"video\/mp4\" src=\"https:\/\/www.schule-am-lousberg.de\/wordpress_3\/wp-content\/uploads\/2025\/12\/Lied-2c.mp4?_=1\" \/><a href=\"https:\/\/www.schule-am-lousberg.de\/wordpress_3\/wp-content\/uploads\/2025\/12\/Lied-2c.mp4\">https:\/\/www.schule-am-lousberg.de\/wordpress_3\/wp-content\/uploads\/2025\/12\/Lied-2c.mp4<\/a><\/video><\/div>\n<p>&nbsp;<\/p>\n<p>&nbsp;<\/p>\n","protected":false},"excerpt":{"rendered":"<p>An diesem verwunschenen Freitagmorgen lag eine heimelige Stimmung in der Luft. Auch der Fr\u00fchsport auf dem Schulhof fand diesmal ganz leise statt. Dann wurde der Weihnachtsbaum aufgestellt. Nun wird er [&hellip;]<\/p>\n","protected":false},"author":1,"featured_media":7606,"comment_status":"closed","ping_status":"closed","sticky":false,"template":"","format":"standard","meta":{"footnotes":""},"categories":[1],"tags":[],"class_list":["post-7604","post","type-post","status-publish","format-standard","has-post-thumbnail","hentry","category-blog"],"_links":{"self":[{"href":"https:\/\/www.schule-am-lousberg.de\/wordpress_3\/wp-json\/wp\/v2\/posts\/7604","targetHints":{"allow":["GET"]}}],"collection":[{"href":"https:\/\/www.schule-am-lousberg.de\/wordpress_3\/wp-json\/wp\/v2\/posts"}],"about":[{"href":"https:\/\/www.schule-am-lousberg.de\/wordpress_3\/wp-json\/wp\/v2\/types\/post"}],"author":[{"embeddable":true,"href":"https:\/\/www.schule-am-lousberg.de\/wordpress_3\/wp-json\/wp\/v2\/users\/1"}],"replies":[{"embeddable":true,"href":"https:\/\/www.schule-am-lousberg.de\/wordpress_3\/wp-json\/wp\/v2\/comments?post=7604"}],"version-history":[{"count":11,"href":"https:\/\/www.schule-am-lousberg.de\/wordpress_3\/wp-json\/wp\/v2\/posts\/7604\/revisions"}],"predecessor-version":[{"id":7628,"href":"https:\/\/www.schule-am-lousberg.de\/wordpress_3\/wp-json\/wp\/v2\/posts\/7604\/revisions\/7628"}],"wp:featuredmedia":[{"embeddable":true,"href":"https:\/\/www.schule-am-lousberg.de\/wordpress_3\/wp-json\/wp\/v2\/media\/7606"}],"wp:attachment":[{"href":"https:\/\/www.schule-am-lousberg.de\/wordpress_3\/wp-json\/wp\/v2\/media?parent=7604"}],"wp:term":[{"taxonomy":"category","embeddable":true,"href":"https:\/\/www.schule-am-lousberg.de\/wordpress_3\/wp-json\/wp\/v2\/categories?post=7604"},{"taxonomy":"post_tag","embeddable":true,"href":"https:\/\/www.schule-am-lousberg.de\/wordpress_3\/wp-json\/wp\/v2\/tags?post=7604"}],"curies":[{"name":"wp","href":"https:\/\/api.w.org\/{rel}","templated":true}]}}