{"id":6109,"date":"2023-11-20T22:49:34","date_gmt":"2023-11-20T21:49:34","guid":{"rendered":"https:\/\/www.schule-am-lousberg.de\/wordpress_3\/?p=6109"},"modified":"2023-11-21T05:50:53","modified_gmt":"2023-11-21T04:50:53","slug":"vorlesetag-2023-in-der-4b","status":"publish","type":"post","link":"https:\/\/www.schule-am-lousberg.de\/wordpress_3\/2023\/11\/vorlesetag-2023-in-der-4b\/","title":{"rendered":"Vorlesetag 2023 &#8211; in der 4b"},"content":{"rendered":"<p align=\"justify\"><img loading=\"lazy\" decoding=\"async\" class=\"aligncenter wp-image-6110 size-large\" src=\"https:\/\/www.schule-am-lousberg.de\/wordpress_3\/wp-content\/uploads\/2023\/11\/01-1024x577.jpg\" alt=\"\" width=\"525\" height=\"296\" srcset=\"https:\/\/www.schule-am-lousberg.de\/wordpress_3\/wp-content\/uploads\/2023\/11\/01-1024x577.jpg 1024w, https:\/\/www.schule-am-lousberg.de\/wordpress_3\/wp-content\/uploads\/2023\/11\/01-300x169.jpg 300w, https:\/\/www.schule-am-lousberg.de\/wordpress_3\/wp-content\/uploads\/2023\/11\/01-768x432.jpg 768w, https:\/\/www.schule-am-lousberg.de\/wordpress_3\/wp-content\/uploads\/2023\/11\/01.jpg 1156w\" sizes=\"auto, (max-width: 525px) 100vw, 525px\" \/><\/p>\n<p align=\"justify\"><span style=\"font-size: large;\">Am Freitag, 17.11.&#8217;23<\/span><b> <\/b><span style=\"font-size: large;\">fand der bundesweite Vorlesetag<br \/>\n<strong>&#8218;Deutschland liest vor &#8211; mach mit!&#8216;<\/strong>\u00a0statt.<br \/>\nIn der Klasse 4b wurde deshalb ein Projekt zum Buch &#8218;DIE GRAUE STADT&#8216; von Torben Kuhlmann durchgef\u00fchrt.<img loading=\"lazy\" decoding=\"async\" class=\"size-medium wp-image-6111 alignleft\" src=\"https:\/\/www.schule-am-lousberg.de\/wordpress_3\/wp-content\/uploads\/2023\/11\/02-241x300.jpg\" alt=\"\" width=\"241\" height=\"300\" srcset=\"https:\/\/www.schule-am-lousberg.de\/wordpress_3\/wp-content\/uploads\/2023\/11\/02-241x300.jpg 241w, https:\/\/www.schule-am-lousberg.de\/wordpress_3\/wp-content\/uploads\/2023\/11\/02-822x1024.jpg 822w, https:\/\/www.schule-am-lousberg.de\/wordpress_3\/wp-content\/uploads\/2023\/11\/02-768x956.jpg 768w, https:\/\/www.schule-am-lousberg.de\/wordpress_3\/wp-content\/uploads\/2023\/11\/02.jpg 1125w\" sizes=\"auto, (max-width: 241px) 100vw, 241px\" \/><\/span><\/p>\n<p align=\"justify\"><span style=\"font-size: large;\">Dass dies kein \u201enormaler\u201c Unterrichtstag werden w\u00fcrde, konnten die Kinder schon daran erkennen, dass sie ihre Hefte etc. zu Hause lassen sollten und stattdessen eine Decke und ein Kissen mitbrachten.<\/span><\/p>\n<p align=\"justify\"><img loading=\"lazy\" decoding=\"async\" class=\"size-medium wp-image-6112 alignright\" src=\"https:\/\/www.schule-am-lousberg.de\/wordpress_3\/wp-content\/uploads\/2023\/11\/03-199x300.jpg\" alt=\"\" width=\"199\" height=\"300\" srcset=\"https:\/\/www.schule-am-lousberg.de\/wordpress_3\/wp-content\/uploads\/2023\/11\/03-199x300.jpg 199w, https:\/\/www.schule-am-lousberg.de\/wordpress_3\/wp-content\/uploads\/2023\/11\/03.jpg 618w\" sizes=\"auto, (max-width: 199px) 100vw, 199px\" \/><\/p>\n<p align=\"justify\"><span style=\"font-size: large;\">W\u00e4hrend der Klassenlehrer die Geschichte mit Unterst\u00fctzung einer Power Point-Pr\u00e4sentation und dem neuen, gro\u00dfen Monitor in der Klasse vorlas, machten es sich die Kinder auf den Decken gem\u00fctlich und naschten dabei Kekse. <\/span><\/p>\n<p align=\"justify\"><span style=\"font-size: large;\">Ohne zu viel \u00fcber den Inhalt des Buches verraten zu wollen: Es handelt von einem M\u00e4dchen, das zusammen mit ihrem Vater in eine Stadt umzieht, in der alles GRAU ist. Jeder, der diese Stadt etwas \u201cbunter\u201c machen m\u00f6chte, bekommt \u00c4rger. Doch dagegen geht das M\u00e4dchen an!<\/span><\/p>\n<p align=\"justify\"><span style=\"font-size: large;\"><img loading=\"lazy\" decoding=\"async\" class=\"aligncenter wp-image-6113 size-large\" src=\"https:\/\/www.schule-am-lousberg.de\/wordpress_3\/wp-content\/uploads\/2023\/11\/04-1024x577.jpg\" alt=\"\" width=\"525\" height=\"296\" srcset=\"https:\/\/www.schule-am-lousberg.de\/wordpress_3\/wp-content\/uploads\/2023\/11\/04-1024x577.jpg 1024w, https:\/\/www.schule-am-lousberg.de\/wordpress_3\/wp-content\/uploads\/2023\/11\/04-300x169.jpg 300w, https:\/\/www.schule-am-lousberg.de\/wordpress_3\/wp-content\/uploads\/2023\/11\/04-768x432.jpg 768w, https:\/\/www.schule-am-lousberg.de\/wordpress_3\/wp-content\/uploads\/2023\/11\/04.jpg 1156w\" sizes=\"auto, (max-width: 525px) 100vw, 525px\" \/><br \/>\n<\/span><span style=\"font-size: large;\">In Verbindung mit dem Buch f\u00fchrten die Kinder ein Experiment durch, in dem sie lernten, wie ein Regenbogen entsteht und dass das wei\u00dfe Licht eigentlich aus verschiedenen Farben besteht, die wir Menschen aber so nicht wahrnehmen k\u00f6nnen.<\/span><\/p>\n<p align=\"justify\"><span style=\"font-size: large;\"><img loading=\"lazy\" decoding=\"async\" class=\"size-medium wp-image-6114 alignright\" src=\"https:\/\/www.schule-am-lousberg.de\/wordpress_3\/wp-content\/uploads\/2023\/11\/05-300x169.jpg\" alt=\"\" width=\"300\" height=\"169\" srcset=\"https:\/\/www.schule-am-lousberg.de\/wordpress_3\/wp-content\/uploads\/2023\/11\/05-300x169.jpg 300w, https:\/\/www.schule-am-lousberg.de\/wordpress_3\/wp-content\/uploads\/2023\/11\/05-1024x577.jpg 1024w, https:\/\/www.schule-am-lousberg.de\/wordpress_3\/wp-content\/uploads\/2023\/11\/05-768x432.jpg 768w, https:\/\/www.schule-am-lousberg.de\/wordpress_3\/wp-content\/uploads\/2023\/11\/05.jpg 1156w\" sizes=\"auto, (max-width: 300px) 100vw, 300px\" \/><\/span><\/p>\n<p align=\"justify\"><img loading=\"lazy\" decoding=\"async\" class=\"size-medium wp-image-6115 alignleft\" src=\"https:\/\/www.schule-am-lousberg.de\/wordpress_3\/wp-content\/uploads\/2023\/11\/06-169x300.jpg\" alt=\"\" width=\"169\" height=\"300\" srcset=\"https:\/\/www.schule-am-lousberg.de\/wordpress_3\/wp-content\/uploads\/2023\/11\/06-169x300.jpg 169w, https:\/\/www.schule-am-lousberg.de\/wordpress_3\/wp-content\/uploads\/2023\/11\/06-576x1024.jpg 576w, https:\/\/www.schule-am-lousberg.de\/wordpress_3\/wp-content\/uploads\/2023\/11\/06-768x1365.jpg 768w, https:\/\/www.schule-am-lousberg.de\/wordpress_3\/wp-content\/uploads\/2023\/11\/06-864x1536.jpg 864w, https:\/\/www.schule-am-lousberg.de\/wordpress_3\/wp-content\/uploads\/2023\/11\/06.jpg 1125w\" sizes=\"auto, (max-width: 169px) 100vw, 169px\" \/><\/p>\n<p align=\"justify\"><span style=\"font-size: large;\">Im weiteren Verlauf des Morgens besch\u00e4ftigten sich die Kinder mit einem ersten Kunstauftrag, in dem sie die additive und subtraktive Farbmischung kennenlernten. <\/span><\/p>\n<p align=\"justify\"><span style=\"font-size: large;\">Nach dem erhofften \u201cHappy End\u201c in der Geschichte arbeiteten die Kinder an einem weiteren k\u00fcnstlerischen Auftrag und gestalteten die Hauptperson der Geschichte in bunten Farben und Mustern.<\/span><\/p>\n<p align=\"justify\"><span style=\"font-size: large;\"><img loading=\"lazy\" decoding=\"async\" class=\"size-medium wp-image-6116 aligncenter\" src=\"https:\/\/www.schule-am-lousberg.de\/wordpress_3\/wp-content\/uploads\/2023\/11\/07-300x169.jpg\" alt=\"\" width=\"300\" height=\"169\" srcset=\"https:\/\/www.schule-am-lousberg.de\/wordpress_3\/wp-content\/uploads\/2023\/11\/07-300x169.jpg 300w, https:\/\/www.schule-am-lousberg.de\/wordpress_3\/wp-content\/uploads\/2023\/11\/07-1024x576.jpg 1024w, https:\/\/www.schule-am-lousberg.de\/wordpress_3\/wp-content\/uploads\/2023\/11\/07-768x432.jpg 768w, https:\/\/www.schule-am-lousberg.de\/wordpress_3\/wp-content\/uploads\/2023\/11\/07-1536x864.jpg 1536w, https:\/\/www.schule-am-lousberg.de\/wordpress_3\/wp-content\/uploads\/2023\/11\/07.jpg 2000w\" sizes=\"auto, (max-width: 300px) 100vw, 300px\" \/><\/span><\/p>\n<p align=\"justify\"><img loading=\"lazy\" decoding=\"async\" class=\"size-medium wp-image-6117 aligncenter\" src=\"https:\/\/www.schule-am-lousberg.de\/wordpress_3\/wp-content\/uploads\/2023\/11\/08-190x300.jpg\" alt=\"\" width=\"190\" height=\"300\" srcset=\"https:\/\/www.schule-am-lousberg.de\/wordpress_3\/wp-content\/uploads\/2023\/11\/08-190x300.jpg 190w, https:\/\/www.schule-am-lousberg.de\/wordpress_3\/wp-content\/uploads\/2023\/11\/08-648x1024.jpg 648w, https:\/\/www.schule-am-lousberg.de\/wordpress_3\/wp-content\/uploads\/2023\/11\/08.jpg 651w\" sizes=\"auto, (max-width: 190px) 100vw, 190px\" \/><\/p>\n<p align=\"justify\"><span style=\"font-size: large;\">Die Zeit verging f\u00f6rmlich wie im Fluge, so dass sich die M\u00e4dchen und Jungen der Klasse danach frohgelaunt ins Wochenende verabschiedeten. Wie sagte ein Kind am Ende des Projekts: \u201eDas war wirklich mal ein ganz anderer Schultag heute!\u201c <\/span><\/p>\n","protected":false},"excerpt":{"rendered":"<p>Am Freitag, 17.11.&#8217;23 fand der bundesweite Vorlesetag &#8218;Deutschland liest vor &#8211; mach mit!&#8216;\u00a0statt. In der Klasse 4b wurde deshalb ein Projekt zum Buch &#8218;DIE GRAUE STADT&#8216; von Torben Kuhlmann durchgef\u00fchrt. [&hellip;]<\/p>\n","protected":false},"author":1,"featured_media":0,"comment_status":"closed","ping_status":"closed","sticky":false,"template":"","format":"standard","meta":{"footnotes":""},"categories":[1],"tags":[],"class_list":["post-6109","post","type-post","status-publish","format-standard","hentry","category-blog"],"_links":{"self":[{"href":"https:\/\/www.schule-am-lousberg.de\/wordpress_3\/wp-json\/wp\/v2\/posts\/6109","targetHints":{"allow":["GET"]}}],"collection":[{"href":"https:\/\/www.schule-am-lousberg.de\/wordpress_3\/wp-json\/wp\/v2\/posts"}],"about":[{"href":"https:\/\/www.schule-am-lousberg.de\/wordpress_3\/wp-json\/wp\/v2\/types\/post"}],"author":[{"embeddable":true,"href":"https:\/\/www.schule-am-lousberg.de\/wordpress_3\/wp-json\/wp\/v2\/users\/1"}],"replies":[{"embeddable":true,"href":"https:\/\/www.schule-am-lousberg.de\/wordpress_3\/wp-json\/wp\/v2\/comments?post=6109"}],"version-history":[{"count":4,"href":"https:\/\/www.schule-am-lousberg.de\/wordpress_3\/wp-json\/wp\/v2\/posts\/6109\/revisions"}],"predecessor-version":[{"id":6121,"href":"https:\/\/www.schule-am-lousberg.de\/wordpress_3\/wp-json\/wp\/v2\/posts\/6109\/revisions\/6121"}],"wp:attachment":[{"href":"https:\/\/www.schule-am-lousberg.de\/wordpress_3\/wp-json\/wp\/v2\/media?parent=6109"}],"wp:term":[{"taxonomy":"category","embeddable":true,"href":"https:\/\/www.schule-am-lousberg.de\/wordpress_3\/wp-json\/wp\/v2\/categories?post=6109"},{"taxonomy":"post_tag","embeddable":true,"href":"https:\/\/www.schule-am-lousberg.de\/wordpress_3\/wp-json\/wp\/v2\/tags?post=6109"}],"curies":[{"name":"wp","href":"https:\/\/api.w.org\/{rel}","templated":true}]}}